{"id":7872,"date":"2019-02-26T22:09:51","date_gmt":"2019-02-26T22:09:51","guid":{"rendered":"https:\/\/www.tastymediterraneo.com\/?p=7872"},"modified":"2019-02-26T22:09:51","modified_gmt":"2019-02-26T22:09:51","slug":"pates-epicees-aux-blettes-a-la-mediterraneenne","status":"publish","type":"post","link":"https:\/\/www.tastymediterraneo.com\/fr\/pates-epicees-aux-blettes-a-la-mediterraneenne\/","title":{"rendered":"P\u00e2tes \u00e9pic\u00e9es aux blettes \u00e0 la m\u00e9diterran\u00e9enne"},"content":{"rendered":"<p><img loading=\"lazy\" decoding=\"async\" class=\"aligncenter size-full wp-image-7860\" src=\"https:\/\/www.tastymediterraneo.com\/wp-content\/uploads\/2019\/02\/Tasty-Mediterraneo-spicy-pasta-with-chard.jpeg\" alt=\"\" width=\"1280\" height=\"853\" srcset=\"https:\/\/www.tastymediterraneo.com\/wp-content\/uploads\/2019\/02\/Tasty-Mediterraneo-spicy-pasta-with-chard.jpeg 1280w, https:\/\/www.tastymediterraneo.com\/wp-content\/uploads\/2019\/02\/Tasty-Mediterraneo-spicy-pasta-with-chard-300x200.jpeg 300w, https:\/\/www.tastymediterraneo.com\/wp-content\/uploads\/2019\/02\/Tasty-Mediterraneo-spicy-pasta-with-chard-768x512.jpeg 768w, https:\/\/www.tastymediterraneo.com\/wp-content\/uploads\/2019\/02\/Tasty-Mediterraneo-spicy-pasta-with-chard-1024x682.jpeg 1024w, https:\/\/www.tastymediterraneo.com\/wp-content\/uploads\/2019\/02\/Tasty-Mediterraneo-spicy-pasta-with-chard-600x400.jpeg 600w\" sizes=\"(max-width: 1280px) 100vw, 1280px\" \/>Ceux d\u2019entre vous qui suivent r\u00e9guli\u00e8rement mon travail ont peut-\u00eatre vu sur l\u2019<a href=\"https:\/\/www.instagram.com\/tastymediterraneo\/\" target=\"_blank\" rel=\"noopener\">Instagram<\/a>, <a href=\"https:\/\/www.facebook.com\/TastyMediterraneo\" target=\"_blank\" rel=\"noopener\">Facebook<\/a> et\/ou <a href=\"https:\/\/twitter.com\/TastyMditrraneo\" target=\"_blank\" rel=\"noopener\">Twitter\u00a0<\/a>de Tasty Mediterraneo que j\u2019ai eu l\u2019honneur d\u2019assister au lancement de la Journ\u00e9e Mondiale des L\u00e9gumineuses au si\u00e8ge des Nations Unies \u00e0 New York.<\/p>\n<p>Je n\u2019aurai jamais imagin\u00e9e quand j&rsquo;ai partag\u00e9 cinq de <a href=\"https:\/\/www.tastymediterraneo.com\/fr\/iyp2016-recipes\/\" target=\"_blank\" rel=\"noopener\">mes recettes avec la FAO<\/a> et je suis devenu <a href=\"https:\/\/pulses.org\/recipes\/meet-the-gourmet-gurus\/604-meet-margarita-ribot\" target=\"_blank\" rel=\"noopener\">Gourmet Guru de la Conf\u00e9d\u00e9ration Mondiale des L\u00e9gumineuses<\/a> en 2016, que j&rsquo;aurais l&rsquo;honneur d&rsquo;\u00eatre invit\u00e9e \u00e0 c\u00e9l\u00e9brer la premi\u00e8re Journ\u00e9e Mondiale des L\u00e9gumineuses aux Nations Unies. J&rsquo;ai \u00e9galement eu l&rsquo;occasion de parler de mon travail chez Tasty Mediterraneo ainsi que de l&rsquo;importance des l\u00e9gumineuses dans la di\u00e8te m\u00e9diterran\u00e9enne devant un public tr\u00e8s select. Cela a \u00e9t\u00e9 une occasion unique et une exp\u00e9rience incroyable \u00e0 vivre!<\/p>\n<p><img loading=\"lazy\" decoding=\"async\" class=\"aligncenter size-full wp-image-7861\" src=\"https:\/\/www.tastymediterraneo.com\/wp-content\/uploads\/2019\/02\/Tasty-Mediterraneo-United-Nations-WPD.jpg\" alt=\"\" width=\"761\" height=\"588\" srcset=\"https:\/\/www.tastymediterraneo.com\/wp-content\/uploads\/2019\/02\/Tasty-Mediterraneo-United-Nations-WPD.jpg 761w, https:\/\/www.tastymediterraneo.com\/wp-content\/uploads\/2019\/02\/Tasty-Mediterraneo-United-Nations-WPD-300x232.jpg 300w, https:\/\/www.tastymediterraneo.com\/wp-content\/uploads\/2019\/02\/Tasty-Mediterraneo-United-Nations-WPD-600x464.jpg 600w\" sizes=\"(max-width: 761px) 100vw, 761px\" \/>Aujourd\u2019hui, je partage avec vous une d\u00e9licieuse et nutritive recette v\u00e9g\u00e9talienne de la di\u00e8te m\u00e9diterran\u00e9enne \u00e0 base de p\u00e2tes compl\u00e8tes, mes \u00ab P\u00e2tes \u00e9pic\u00e9es aux blettes \u00e0 la m\u00e9diterran\u00e9enne \u00bb.<\/p>\n<p>La recherche scientifique montre que la consommation r\u00e9guli\u00e8re de produits \u00e0 base de c\u00e9r\u00e9ales compl\u00e8tes dans le cadre d\u2019un r\u00e9gime alimentaire et d\u2019un mode de vie sains peut contribuer \u00e0 r\u00e9duire les risques de nombreuses maladies courantes.<\/p>\n<p><img loading=\"lazy\" decoding=\"async\" class=\"aligncenter size-full wp-image-7862\" src=\"https:\/\/www.tastymediterraneo.com\/wp-content\/uploads\/2019\/02\/Tasty-Mediterraneo-pasta-chard.jpeg\" alt=\"\" width=\"853\" height=\"1280\" srcset=\"https:\/\/www.tastymediterraneo.com\/wp-content\/uploads\/2019\/02\/Tasty-Mediterraneo-pasta-chard.jpeg 853w, https:\/\/www.tastymediterraneo.com\/wp-content\/uploads\/2019\/02\/Tasty-Mediterraneo-pasta-chard-200x300.jpeg 200w, https:\/\/www.tastymediterraneo.com\/wp-content\/uploads\/2019\/02\/Tasty-Mediterraneo-pasta-chard-768x1152.jpeg 768w, https:\/\/www.tastymediterraneo.com\/wp-content\/uploads\/2019\/02\/Tasty-Mediterraneo-pasta-chard-682x1024.jpeg 682w, https:\/\/www.tastymediterraneo.com\/wp-content\/uploads\/2019\/02\/Tasty-Mediterraneo-pasta-chard-600x900.jpeg 600w\" sizes=\"(max-width: 853px) 100vw, 853px\" \/>Les grains de c\u00e9r\u00e9ales compl\u00e8tes semblent \u00e9galement \u00eatre b\u00e9n\u00e9fiques pour promouvoir le maintien d\u2019un poids corporel sain au fil du temps. Les c\u00e9r\u00e9ales compl\u00e8tes sont g\u00e9n\u00e9ralement faibles en graisses, mais elles sont riches en fibres et en glucides \u00e0 haute teneur en amidon. Les p\u00e2tes compl\u00e8tes ont un indice glyc\u00e9mique (IG) faible. Le fait qu\u2019elles aient un indice glyc\u00e9mique (IG) faible signifie que la lib\u00e9ration des glucides dans le sang est lente. Ces b\u00e9n\u00e9fices, associ\u00e9s \u00e0 la teneur en fibres \u00e9lev\u00e9e, peuvent aider \u00e0 se sentir rassasi\u00e9 plus longtemps, ce qui permet de contr\u00f4ler l\u2019app\u00e9tit.<\/p>\n<p><img loading=\"lazy\" decoding=\"async\" class=\"aligncenter size-full wp-image-7863\" src=\"https:\/\/www.tastymediterraneo.com\/wp-content\/uploads\/2019\/02\/Tasty-Mediterraneo-penne-with-chard.jpeg\" alt=\"\" width=\"1280\" height=\"853\" srcset=\"https:\/\/www.tastymediterraneo.com\/wp-content\/uploads\/2019\/02\/Tasty-Mediterraneo-penne-with-chard.jpeg 1280w, https:\/\/www.tastymediterraneo.com\/wp-content\/uploads\/2019\/02\/Tasty-Mediterraneo-penne-with-chard-300x200.jpeg 300w, https:\/\/www.tastymediterraneo.com\/wp-content\/uploads\/2019\/02\/Tasty-Mediterraneo-penne-with-chard-768x512.jpeg 768w, https:\/\/www.tastymediterraneo.com\/wp-content\/uploads\/2019\/02\/Tasty-Mediterraneo-penne-with-chard-1024x682.jpeg 1024w, https:\/\/www.tastymediterraneo.com\/wp-content\/uploads\/2019\/02\/Tasty-Mediterraneo-penne-with-chard-600x400.jpeg 600w\" sizes=\"(max-width: 1280px) 100vw, 1280px\" \/>A chaque fois que vous mangez des p\u00e2tes, je vous encourage \u00e0 choisir des p\u00e2tes de grains complets, car les aliments \u00e0 base de grains de c\u00e9r\u00e9ale compl\u00e8te peuvent contenir jusqu\u2019\u00e0 75% plus de nutriments que les c\u00e9r\u00e9ales raffin\u00e9es. Un autre ingr\u00e9dient nutritif dans cette recette est la blette. La blette est un l\u00e9gume que on utilise beaucoup dans la cuisine m\u00e9diterran\u00e9enne. Elle est riche en vitamines A, K, C et E, riboflavine et vitamine B6 et en fibres ainsi qu\u2019en min\u00e9raux tels que le magn\u00e9sium, le mangan\u00e8se, le fer, le cuivre et le potassium. L&rsquo;ail, le jus de citron et l&rsquo;huile d&rsquo;olive vierge extra (HOVE) sont d&rsquo;autres ingr\u00e9dients nutritifs de cette recette savoureuse.<\/p>\n<p>Si vous essayez cette savoureuse et nutritive recette v\u00e9g\u00e9talienne de la di\u00e8te m\u00e9diterran\u00e9enne, de \u00ab P\u00e2tes \u00e9pic\u00e9es aux blettes \u00e0 la m\u00e9diterran\u00e9enne \u00bb, merci de laisser un commentaire et de voter pour elle. J\u2019aimerais bien conna\u00eetre votre avis. Bon app\u00e9tit et bonne cuisine saine!<\/p>\n<p><img loading=\"lazy\" decoding=\"async\" class=\"aligncenter size-full wp-image-7864\" src=\"https:\/\/www.tastymediterraneo.com\/wp-content\/uploads\/2019\/02\/Tasty-Mediterraneo-spicy-pasta-chard.jpeg\" alt=\"\" width=\"960\" height=\"960\" srcset=\"https:\/\/www.tastymediterraneo.com\/wp-content\/uploads\/2019\/02\/Tasty-Mediterraneo-spicy-pasta-chard.jpeg 960w, https:\/\/www.tastymediterraneo.com\/wp-content\/uploads\/2019\/02\/Tasty-Mediterraneo-spicy-pasta-chard-150x150.jpeg 150w, https:\/\/www.tastymediterraneo.com\/wp-content\/uploads\/2019\/02\/Tasty-Mediterraneo-spicy-pasta-chard-300x300.jpeg 300w, https:\/\/www.tastymediterraneo.com\/wp-content\/uploads\/2019\/02\/Tasty-Mediterraneo-spicy-pasta-chard-768x768.jpeg 768w, https:\/\/www.tastymediterraneo.com\/wp-content\/uploads\/2019\/02\/Tasty-Mediterraneo-spicy-pasta-chard-600x600.jpeg 600w, https:\/\/www.tastymediterraneo.com\/wp-content\/uploads\/2019\/02\/Tasty-Mediterraneo-spicy-pasta-chard-320x321.jpeg 320w\" sizes=\"(max-width: 960px) 100vw, 960px\" \/><\/p>\n<div class=\"easyrecipe\" data-rating=\"0\"> \t<link itemprop=\"image\" href=\"https:\/\/www.tastymediterraneo.com\/wp-content\/uploads\/2019\/02\/Tasty-Mediterraneo-pasta-acelgas-2-300x300.jpeg\" \/>\n<div class=\"item ERName\">P\u00e2tes \u00e9pic\u00e9es aux blettes \u00e0 la m\u00e9diterran\u00e9enne<\/div>\n<div class=\"ERClear\"><\/div>\n<div class=\"ERHead\">Cuisine: <span class=\"cuisine\">Di\u00e8te Mediterran\u00e9enne<\/span><\/div>\n<div class=\"ERHead\">Author: <span class=\"author\">Margarita @ Tasty Mediterraneo<\/span><\/div>\n<div class=\"ERHead\">Prep time: <time itemprop=\"prepTime\" datetime=\"PT15M\">15 mins<\/time><\/div>\n<div class=\"ERHead\">Cook time: <time itemprop=\"cookTime\" datetime=\"PT10M\">10 mins<\/time><\/div>\n<div class=\"ERHead\">Total time: <time itemprop=\"totalTime\" datetime=\"PT25M\">25 mins<\/time><\/div>\n<div class=\"ERHead\">Serves: <span class=\"yield\">2 Personnes<\/span><\/div>\n<div class=\"ERIngredients\">\n<div class=\"ERIngredientsHeader\">Ingredients<\/div>\n<ul class=\"ingredients\">\n<li class=\"ingredient\">200 g (7 onces) P\u00e2tes penne bio au bl\u00e9 complet<\/li>\n<li class=\"ingredient\">10 Feuilles de blette, hach\u00e9es<\/li>\n<li class=\"ingredient\">3 Cuill\u00e8res \u00e0 soupe d&rsquo;huile d&rsquo;olive vierge extra (HOVE)<\/li>\n<li class=\"ingredient\">3 Gousses d&rsquo;ail, pel\u00e9es et finement hach\u00e9es<\/li>\n<li class=\"ingredient\">2 Cuill\u00e8res \u00e0 soupe de jus de citron fra\u00eechement press\u00e9<\/li>\n<li class=\"ingredient\">\u00bd Cuill\u00e8re \u00e0 soupe de sel de mer (ou de sel au go\u00fbt)<\/li>\n<li class=\"ingredient\">Une pinc\u00e9e de flocons de piments de Cayenne secs<\/li>\n<\/ul>\n<\/div>\n<div class=\"ERInstructions\">\n<div class=\"ERInstructionsHeader\">Instructions<\/div>\n<div class=\"instructions\">\n<ol>\n<li class=\"instruction\">Avoir les feuilles de blettes bien lav\u00e9es et le reste des ingr\u00e9dients pr\u00e9par\u00e9s comme indiqu\u00e9 dans la description des ingr\u00e9dients.<\/li>\n<li class=\"instruction\">Faire bouillir l&rsquo;eau dans une grande casserole et ajouter une demi cuill\u00e8re \u00e0 soupe de sel de mer. Ajouter les p\u00e2tes et remuer fr\u00e9quemment. Suivre les instructions de cuisson sur l&#8217;emballage pour s\u2019assurer de faire cuire les p\u00e2tes \u00ab\u00a0al dente\u00a0\u00bb et remuer les p\u00e2tes occasionnellement. Lorsque le temps de cuisson indiqu\u00e9 sur le paquet est termin\u00e9, et que les p\u00e2tes sont al dente, retirer du feu et \u00e9goutter.<\/li>\n<li class=\"instruction\">Pendant que les p\u00e2tes sont en train de cuire, dans une grande po\u00eale, faire chauffer une cuill\u00e8re d&rsquo;HOVE \u00e0 feu mod\u00e9r\u00e9, ajouter l&rsquo;ail et faire sauter jusqu&rsquo;\u00e0 ce qu\u2019ils soient dor\u00e9s. Une fois que l&rsquo;ail est dor\u00e9, retirer-le du feu et mettre de c\u00f4t\u00e9. Ajouter les feuilles de blette hach\u00e9es dans la po\u00eale, ajouter les flocons de piments de Cayenne secs (selon votre go\u00fbt!) et une cuill\u00e8re \u00e0 soupe d&rsquo;HOVE et faire sauter pendant environ 5 minutes en remuant occasionnellement. Ajouter ensuite le jus de citron fra\u00eechement press\u00e9, saler au go\u00fbt et remuer pendant 2 minutes.<\/li>\n<li class=\"instruction\">Enfin, ajouter aux blettes saut\u00e9es les p\u00e2tes \u00e9goutt\u00e9es, l\u2019ail que nous avions mis de c\u00f4t\u00e9 et 1 cuill\u00e8re \u00e0 soupe d&rsquo;HOVE suppl\u00e9mentaire et m\u00e9langer le tout \u00e0 feu moyen pendant une ou deux minutes. Retirer du feu et servir chaud.<\/li>\n<\/ol>\n<\/div>\n<\/div>\n<div class=\"ERNutrition\"><\/div>\n<div>\n<div class=\"ERNotesHeader\">Notes<\/div>\n<div class=\"ERNotes\">Si les feuilles de blettes ont de grandes tiges, vous pouvez les d\u00e9couper et utiliser uniquement les feuilles vertes pour cette recette et utiliser les grandes tiges des blettes pour pr\u00e9parer ma recette de \u00ab [url href = \u00ab\u00a0https:\/\/www.tastymediterraneo.com\/fr\/filets-vegetariens-de-blettes\/\u00a0\u00bb target=\u00a0\u00bb_blank\u00a0\u00bb]Filets v\u00e9g\u00e9tariens de blettes[\/url] \u00bb.[br][br]Comme suggestion, vous pouvez ajouter un peu de parmesan fra\u00eechement r\u00e2p\u00e9 juste avant de servir ou, pour les v\u00e9g\u00e9taliens, ajouter une option de fromage v\u00e9g\u00e9talien r\u00e2p\u00e9.<\/div>\n<\/div>\n<div class=\"endeasyrecipe\" style=\"display: none;\">3.5.3239<\/div>\n<\/div>\n<p>&nbsp;<\/p>\n","protected":false},"excerpt":{"rendered":"<p>Ceux d\u2019entre vous qui suivent r\u00e9guli\u00e8rement mon travail ont peut-\u00eatre vu sur l\u2019Instagram, Facebook et\/ou Twitter\u00a0de Tasty Mediterraneo que j\u2019ai eu l\u2019honneur d\u2019assister au lancement de la Journ\u00e9e Mondiale des L\u00e9gumineuses au si\u00e8ge des Nations Unies \u00e0 New York. Je n\u2019aurai jamais imagin\u00e9e quand j&rsquo;ai partag\u00e9 cinq de mes recettes avec la FAO et je&#8230;<\/p>\n<p><a class=\"more-link\" href=\"https:\/\/www.tastymediterraneo.com\/fr\/pates-epicees-aux-blettes-a-la-mediterraneenne\/\">Lire la suite<\/a><\/p>\n","protected":false},"author":1,"featured_media":7874,"comment_status":"closed","ping_status":"open","sticky":false,"template":"","format":"standard","meta":{"footnotes":""},"categories":[45,37,213],"tags":[172,155,166],"jetpack_featured_media_url":"https:\/\/www.tastymediterraneo.com\/wp-content\/uploads\/2019\/02\/Tasty-Mediterraneo-pasta-acelgas-2.jpeg","_links":{"self":[{"href":"https:\/\/www.tastymediterraneo.com\/fr\/wp-json\/wp\/v2\/posts\/7872\/"}],"collection":[{"href":"https:\/\/www.tastymediterraneo.com\/fr\/wp-json\/wp\/v2\/posts\/"}],"about":[{"href":"https:\/\/www.tastymediterraneo.com\/fr\/wp-json\/wp\/v2\/types\/post\/"}],"author":[{"embeddable":true,"href":"https:\/\/www.tastymediterraneo.com\/fr\/wp-json\/wp\/v2\/users\/1\/"}],"replies":[{"embeddable":true,"href":"https:\/\/www.tastymediterraneo.com\/fr\/wp-json\/wp\/v2\/comments\/?post=7872"}],"version-history":[{"count":5,"href":"https:\/\/www.tastymediterraneo.com\/fr\/wp-json\/wp\/v2\/posts\/7872\/revisions\/"}],"predecessor-version":[{"id":7886,"href":"https:\/\/www.tastymediterraneo.com\/fr\/wp-json\/wp\/v2\/posts\/7872\/revisions\/7886\/"}],"wp:featuredmedia":[{"embeddable":true,"href":"https:\/\/www.tastymediterraneo.com\/fr\/wp-json\/wp\/v2\/media\/7874\/"}],"wp:attachment":[{"href":"https:\/\/www.tastymediterraneo.com\/fr\/wp-json\/wp\/v2\/media\/?parent=7872"}],"wp:term":[{"taxonomy":"category","embeddable":true,"href":"https:\/\/www.tastymediterraneo.com\/fr\/wp-json\/wp\/v2\/categories\/?post=7872"},{"taxonomy":"post_tag","embeddable":true,"href":"https:\/\/www.tastymediterraneo.com\/fr\/wp-json\/wp\/v2\/tags\/?post=7872"}],"curies":[{"name":"wp","href":"https:\/\/api.w.org\/{rel}","templated":true}]}}